{"id":246,"date":"2023-07-17T22:36:46","date_gmt":"2023-07-17T20:36:46","guid":{"rendered":"https:\/\/www.gillesblb.fr\/pastilles\/?p=246"},"modified":"2023-08-04T17:43:26","modified_gmt":"2023-08-04T15:43:26","slug":"ete-2023-jour-5-cantal","status":"publish","type":"post","link":"https:\/\/www.gillesblb.fr\/pastilles\/ete-2023-jour-5-cantal\/","title":{"rendered":"Et\u00e9 2023 &#8211; jour #5 : Cantal"},"content":{"rendered":"\n<h2 class=\"wp-block-heading\">(Presque) le Griou, le Peyre Arse via le col de Cabre<\/h2>\n\n\n\n<p>La place 22 est r\u00e9serv\u00e9e et son acc\u00e8s est verrouill\u00e9 par une pancarte au format A4 fich\u00e9e dans le sol. Je l\u2019enl\u00e8ve, constate encore une fois les d\u00e9g\u00e2ts caus\u00e9s par la police de caract\u00e8re Mistral, pose le panneau contre le bloc de lumi\u00e8re, remonte dans le van et enclenche la marche arri\u00e8re pour me blottir sous les arbres ; il fallait de l\u2019ombre, imp\u00e9rativement, car malgr\u00e9 la cr\u00e8me solaire, mes bras et mes tibias -pas de cr\u00e8me \u00e0 cet endroit, quelle id\u00e9e !- sont de la couleur des homards en fin de cuisson.<\/p>\n\n\n\n<p>A mon arriv\u00e9e au municipal de Vic-sur-C\u00e8re, la dame \u00e0 l\u2019accueil dont j\u2019avais lu des commentaires \u00e9logieux sur le service de cartographie de la firme de Mountain View, n\u2019a pas failli \u00e0 sa r\u00e9putation : \u201c<em>le 22 est r\u00e9serv\u00e9 parce que c\u2019est un super emplacement, mais les clients n\u2019arrivent que dimanche, vous ne restez qu\u2019une nuit, allez-y.<\/em> Puis, plus tard : \u201c<em>Je n\u2019ai pas \u201cVans\u201d dans mon tableau, je vous fais le tarif \u201cTentes\u201d ; vous n\u2019\u00eates pas un camping car<\/em>.\u201d C\u2019\u00e9tait une affirmation, la dame sait de quoi elle cause.<\/p>\n\n\n\n<p>Me voil\u00e0 donc pos\u00e9 au frais (fa\u00e7on de parler), d\u00e9poussi\u00e9r\u00e9 car pass\u00e9 \u00e0 la douche juste avant le d\u00e9fil\u00e9 des millions de m\u00f4mes de la colo qui squattent le flanc sud du camping comme Bismarck et Guillaume 1er occupaient les hauteurs de Sedan. Les petits sont mignons, ils font la queue, le savon \u00e0 la main, la serviette dans l\u2019autre. Les plus grands braillent, normal. Certains sont venus \u00e0 la douche avec leur guitare acoustique.<\/p>\n\n\n\n<p>Ce matin, en partant du camping de Laveissi\u00e8re, j\u2019ai de nouveau ressenti cette sensation si particuli\u00e8re quand le van ronronne et qu\u2019on s\u2019appr\u00eate \u00e0 d\u00e9couvrir d\u2019autres horizons, quand le paquetage une fois fait, on file vers un autre ailleurs, et l\u2019id\u00e9e m\u2019est venue de tenter un vrai road-trip, avec des haltes improvis\u00e9es entre petites cit\u00e9s labellis\u00e9es <em>de caract\u00e8res<\/em> et villages estampill\u00e9s <em>pittoresques<\/em>, des escales o\u00f9 s\u2019enrichir de quelques visites, des \u00e9tapes o\u00f9 s\u2019offrir quelques agapes locales, une aventure modeste et du genre pas \u00e9colo du tout, de plusieurs semaines, un p\u00e9riple qui laisserait une trace circulaire sur la carte, sans randonn\u00e9es verticales, juste pour la plaisir de <em>faire la route<\/em> et pour voir du pays.<\/p>\n\n\n\n<div class=\"wp-block-media-text alignwide is-stacked-on-mobile\"><figure class=\"wp-block-media-text__media\"><a href=\"https:\/\/www.gillesblb.fr\/pastilles\/wp-content\/uploads\/2023\/07\/20230717_115622-01-scaled.jpeg\" target=\"_blank\" rel=\"noreferrer noopener\"><img loading=\"lazy\" decoding=\"async\" width=\"1024\" height=\"1024\" src=\"https:\/\/www.gillesblb.fr\/pastilles\/wp-content\/uploads\/2023\/07\/20230717_115622-01-1024x1024.jpeg\" alt=\"\" class=\"wp-image-240 size-full\" srcset=\"https:\/\/www.gillesblb.fr\/pastilles\/wp-content\/uploads\/2023\/07\/20230717_115622-01-1024x1024.jpeg 1024w, https:\/\/www.gillesblb.fr\/pastilles\/wp-content\/uploads\/2023\/07\/20230717_115622-01-300x300.jpeg 300w, https:\/\/www.gillesblb.fr\/pastilles\/wp-content\/uploads\/2023\/07\/20230717_115622-01-150x150.jpeg 150w, https:\/\/www.gillesblb.fr\/pastilles\/wp-content\/uploads\/2023\/07\/20230717_115622-01-768x768.jpeg 768w, https:\/\/www.gillesblb.fr\/pastilles\/wp-content\/uploads\/2023\/07\/20230717_115622-01-1536x1536.jpeg 1536w, https:\/\/www.gillesblb.fr\/pastilles\/wp-content\/uploads\/2023\/07\/20230717_115622-01-2048x2048.jpeg 2048w, https:\/\/www.gillesblb.fr\/pastilles\/wp-content\/uploads\/2023\/07\/20230717_115622-01-1240x1240.jpeg 1240w, https:\/\/www.gillesblb.fr\/pastilles\/wp-content\/uploads\/2023\/07\/20230717_115622-01-508x508.jpeg 508w\" sizes=\"auto, (max-width: 1024px) 100vw, 1024px\" \/><\/a><\/figure><div class=\"wp-block-media-text__content\">\n<p>La balade du jour promettait d\u2019\u00eatre vertigineuse. Elle a commenc\u00e9 par un mur que Matt\u00e9o et moi avions d\u00e9j\u00e0 escalad\u00e9 il y a deux ou trois ans, en r\u00e9alit\u00e9 une piste de ski qu\u2019il vaut mieux prendre dans le sens de la descente tant dans le sens inverse qui m\u00e8ne au col de Rombi\u00e8re elle est aussi raide et mal aimable que les bonnes femmes qu\u2019on affuble g\u00e9n\u00e9ralement de cet \u00e9pith\u00e8te.<\/p>\n\n\n\n<p>Une fois l\u00e0 haut, j\u2019ai pris \u00e0 gauche, vers le Puy Griou, c\u00f4ne extraterrestre qui surplombe la vall\u00e9e de la C\u00e8re et celle de la Jordanne, d\u00f4me phonolite autrement appel\u00e9 \u201cla pierre qui chante\u201d en raison de l\u2019\u00e9ventuelle possibilit\u00e9 d\u2019entendre r\u00e9sonner un coup qu\u2019on administrerait sur une des intimidantes caillasses qui l\u2019enveloppent comme un objet pr\u00e9cieux. <\/p>\n<\/div><\/div>\n\n\n\n<div class=\"wp-block-media-text alignwide has-media-on-the-right is-stacked-on-mobile\"><div class=\"wp-block-media-text__content\">\n<p>Je n\u2019ai pas os\u00e9, parce que je ne suis pas mont\u00e9 -d\u2019o\u00f9 le \u201cPresque\u201d du sous-titre-. Parce que monter, la belle affaire, mais descendre ce foutu c\u00f4ne\u2026 Mes genoux, quand je me suis pos\u00e9 pour descendre quelques centilitres de flotte, ont accueilli cette d\u00e9cision avec une reconnaissance \u00e9mue. Une derni\u00e8re chose, essentielle pour comprendre pourquoi j\u2019ai refus\u00e9 l\u2019obstacle : le nom Griou est issu de l\u2019occitan aurillacois <em>Griea<\/em>, qui veut dire \u201cP\u00e9nible \u00e0 monter\u201d. Tu m\u2019\u00e9tonnes, Simone.<\/p>\n<\/div><figure class=\"wp-block-media-text__media\"><a href=\"https:\/\/www.gillesblb.fr\/pastilles\/wp-content\/uploads\/2023\/07\/20230717_120607-01-scaled.jpeg\" target=\"_blank\" rel=\"noreferrer noopener\"><img loading=\"lazy\" decoding=\"async\" width=\"1024\" height=\"1024\" src=\"https:\/\/www.gillesblb.fr\/pastilles\/wp-content\/uploads\/2023\/07\/20230717_120607-01-1024x1024.jpeg\" alt=\"\" class=\"wp-image-239 size-full\" srcset=\"https:\/\/www.gillesblb.fr\/pastilles\/wp-content\/uploads\/2023\/07\/20230717_120607-01-1024x1024.jpeg 1024w, https:\/\/www.gillesblb.fr\/pastilles\/wp-content\/uploads\/2023\/07\/20230717_120607-01-300x300.jpeg 300w, https:\/\/www.gillesblb.fr\/pastilles\/wp-content\/uploads\/2023\/07\/20230717_120607-01-150x150.jpeg 150w, https:\/\/www.gillesblb.fr\/pastilles\/wp-content\/uploads\/2023\/07\/20230717_120607-01-768x768.jpeg 768w, https:\/\/www.gillesblb.fr\/pastilles\/wp-content\/uploads\/2023\/07\/20230717_120607-01-1536x1536.jpeg 1536w, https:\/\/www.gillesblb.fr\/pastilles\/wp-content\/uploads\/2023\/07\/20230717_120607-01-2048x2048.jpeg 2048w, https:\/\/www.gillesblb.fr\/pastilles\/wp-content\/uploads\/2023\/07\/20230717_120607-01-1240x1240.jpeg 1240w, https:\/\/www.gillesblb.fr\/pastilles\/wp-content\/uploads\/2023\/07\/20230717_120607-01-508x508.jpeg 508w\" sizes=\"auto, (max-width: 1024px) 100vw, 1024px\" \/><\/a><\/figure><\/div>\n\n\n\n<div class=\"wp-block-media-text alignwide is-stacked-on-mobile\"><figure class=\"wp-block-media-text__media\"><a href=\"https:\/\/www.gillesblb.fr\/pastilles\/wp-content\/uploads\/2023\/07\/20230717_132052-01.jpeg\" target=\"_blank\" rel=\"noreferrer noopener\"><img loading=\"lazy\" decoding=\"async\" width=\"1024\" height=\"1024\" src=\"https:\/\/www.gillesblb.fr\/pastilles\/wp-content\/uploads\/2023\/07\/20230717_132052-01-1024x1024.jpeg\" alt=\"\" class=\"wp-image-238 size-full\" srcset=\"https:\/\/www.gillesblb.fr\/pastilles\/wp-content\/uploads\/2023\/07\/20230717_132052-01-1024x1024.jpeg 1024w, https:\/\/www.gillesblb.fr\/pastilles\/wp-content\/uploads\/2023\/07\/20230717_132052-01-300x300.jpeg 300w, https:\/\/www.gillesblb.fr\/pastilles\/wp-content\/uploads\/2023\/07\/20230717_132052-01-150x150.jpeg 150w, https:\/\/www.gillesblb.fr\/pastilles\/wp-content\/uploads\/2023\/07\/20230717_132052-01-768x768.jpeg 768w, https:\/\/www.gillesblb.fr\/pastilles\/wp-content\/uploads\/2023\/07\/20230717_132052-01-1536x1536.jpeg 1536w, https:\/\/www.gillesblb.fr\/pastilles\/wp-content\/uploads\/2023\/07\/20230717_132052-01-2048x2048.jpeg 2048w, https:\/\/www.gillesblb.fr\/pastilles\/wp-content\/uploads\/2023\/07\/20230717_132052-01-1240x1240.jpeg 1240w, https:\/\/www.gillesblb.fr\/pastilles\/wp-content\/uploads\/2023\/07\/20230717_132052-01-508x508.jpeg 508w\" sizes=\"auto, (max-width: 1024px) 100vw, 1024px\" \/><\/a><\/figure><div class=\"wp-block-media-text__content\">\n<p>J\u2019ai donc contempl\u00e9 l\u2019horizon qui enjambe la station du Lioran, ai admir\u00e9 au loin le Plomb du Cantal, th\u00e9\u00e2tre de mes aventures dominicales puis j\u2019ai pris le chemin inverse, et au panneau qui accueille les valeureux marcheurs qui ont domestiqu\u00e9 la rombi\u00e8re, j\u2019ai pris la direction du col de Cabre.<\/p>\n\n\n\n<p>Avec Matt\u00e9o, j\u2019\u00e9tais d\u00e9j\u00e0 tomb\u00e9 amoureux de cette vue, de cette vall\u00e9e qui semble \u00eatre rest\u00e9e dans son \u00e9tat d\u2019origine, coinc\u00e9e entre le Peyre Arse et le Puy de S\u00e9cheuse ; bien s\u00fbr, je me suis pos\u00e9 une fois encore et j\u2019ai r\u00eavass\u00e9 : devenir instantan\u00e9ment un berger, ne plus avoir comme compagnie que des moutons, un chien et cette immense prairie comme aire de jeu m\u2019a travers\u00e9 l\u2019esprit. Quelques secondes plus tard, je revenais parmi les mortels et m\u2019appr\u00eatais \u00e0 escalader la face la plus dure du puy de Peyre Arse.<\/p>\n<\/div><\/div>\n\n\n\n<p>J\u2019en ai bav\u00e9 plus encore que sur n\u2019importe quelle pente depuis le d\u00e9but de ce voyage en pays Arverne. Alors j\u2019ai fait parler toute l\u2019exp\u00e9rience que me conf\u00e8rent mes cheveux gris et j\u2019ai repris mon souffle \u00e0 intervalles r\u00e9guliers, prot\u00e9geant la machine d\u2019une surchauffe r\u00e9dhibitoire, comme si je crapahutais sur l\u2019Everest sans oxyg\u00e8ne et sans sherpas. J\u2019\u00e9tais aid\u00e9 toutefois par mes deux b\u00e2tons de marche et, l\u2019altitude faisant, il m\u2019est venu la pens\u00e9e suivante : on marche mieux \u00e0 quatre pattes, deux jambes et deux b\u00e2tons, et je me suis demand\u00e9 si les australopith\u00e8ques avaient fait le bon choix en devenant des\u00a0 bip\u00e8des. Alors oui, pour la cueillette des baies dans les arbres, c\u2019\u00e9tait pas idiot, mais pour escalader le Peyre Arse valait mieux y aller \u00e0 quatre pattes.<\/p>\n\n\n\n<div class=\"wp-block-media-text alignwide is-stacked-on-mobile\"><figure class=\"wp-block-media-text__media\"><a href=\"https:\/\/www.gillesblb.fr\/pastilles\/wp-content\/uploads\/2023\/07\/20230717_142639-01-scaled.jpeg\" target=\"_blank\" rel=\"noreferrer noopener\"><img loading=\"lazy\" decoding=\"async\" width=\"1024\" height=\"1024\" src=\"https:\/\/www.gillesblb.fr\/pastilles\/wp-content\/uploads\/2023\/07\/20230717_142639-01-1024x1024.jpeg\" alt=\"\" class=\"wp-image-237 size-full\" srcset=\"https:\/\/www.gillesblb.fr\/pastilles\/wp-content\/uploads\/2023\/07\/20230717_142639-01-1024x1024.jpeg 1024w, https:\/\/www.gillesblb.fr\/pastilles\/wp-content\/uploads\/2023\/07\/20230717_142639-01-300x300.jpeg 300w, https:\/\/www.gillesblb.fr\/pastilles\/wp-content\/uploads\/2023\/07\/20230717_142639-01-150x150.jpeg 150w, https:\/\/www.gillesblb.fr\/pastilles\/wp-content\/uploads\/2023\/07\/20230717_142639-01-768x768.jpeg 768w, https:\/\/www.gillesblb.fr\/pastilles\/wp-content\/uploads\/2023\/07\/20230717_142639-01-1536x1536.jpeg 1536w, https:\/\/www.gillesblb.fr\/pastilles\/wp-content\/uploads\/2023\/07\/20230717_142639-01-2048x2048.jpeg 2048w, https:\/\/www.gillesblb.fr\/pastilles\/wp-content\/uploads\/2023\/07\/20230717_142639-01-1240x1240.jpeg 1240w, https:\/\/www.gillesblb.fr\/pastilles\/wp-content\/uploads\/2023\/07\/20230717_142639-01-508x508.jpeg 508w\" sizes=\"auto, (max-width: 1024px) 100vw, 1024px\" \/><\/a><\/figure><div class=\"wp-block-media-text__content\">\n<p>Voil\u00e0 o\u00f9 j\u2019en \u00e9tais de mon ascension\u2026 Jamais un kilom\u00e8tre ne m\u2019a paru aussi long et aussi difficile, mais une fois l\u00e0-haut\u2026 Vue d\u2019anthologie sur le cirque d\u2019Elac, le Puy Mary, la br\u00e8che de Rolland (plus humble que celle qui surplombe Gavarnie), le Pas de Peyrol. J\u2019ai rep\u00e9r\u00e9 une pierre plate entre deux blocs de granit et je me suis offert une nouvelle pause contemplative. Impossible d\u2019envisager une descente par l\u00e0 o\u00f9 j\u2019avais grimp\u00e9, ce n\u2019\u00e9tait de toute mani\u00e8re pas mon objectif, lequel \u00e9tait de descendre par une pente plus douce, retrouver le GR 400 et revenir sur le cr\u00e2ne d\u00e9plum\u00e9 de la rombi\u00e8re, via le col de Cabre -o\u00f9 cette fois je ne me suis pas arr\u00eat\u00e9 de peur de n\u2019en plus partir. Une fois au d\u00e9but de la piste de ski, alors que remontaient les banquettes vides d\u2019un t\u00e9l\u00e9si\u00e8ge inutile, j\u2019ai contempl\u00e9 les 180\u00b0 que m\u2019offrait le panorama. De gauche \u00e0 droite, j\u2019avais coch\u00e9 deux nouvelles cases dans cet espace d\u00e9mesur\u00e9 fait de cr\u00eates et de vertiges ; j\u2019ai chantonn\u00e9 dans la descente, je pouvais passer \u00e0 autre chose. Et me voil\u00e0 r\u00f4ti, sous les arbres, j\u2019entends malgr\u00e9 moi des accords de guitare, et suis pr\u00eat \u00e0 avaler mon d\u00eener, \u00e0 lire quelques lignes et \u00e0 tomber dans les bras de Morph\u00e9e.<\/p>\n<\/div><\/div>\n\n\n\n<figure class=\"wp-block-image size-large\"><a href=\"https:\/\/www.gillesblb.fr\/pastilles\/wp-content\/uploads\/2023\/07\/screenshot-www.openrunner.com-2023.07.17-18_23_08.png\" target=\"_blank\" rel=\"noreferrer noopener\"><img loading=\"lazy\" decoding=\"async\" width=\"816\" height=\"1024\" src=\"https:\/\/www.gillesblb.fr\/pastilles\/wp-content\/uploads\/2023\/07\/screenshot-www.openrunner.com-2023.07.17-18_23_08-816x1024.png\" alt=\"\" class=\"wp-image-241\" srcset=\"https:\/\/www.gillesblb.fr\/pastilles\/wp-content\/uploads\/2023\/07\/screenshot-www.openrunner.com-2023.07.17-18_23_08-816x1024.png 816w, https:\/\/www.gillesblb.fr\/pastilles\/wp-content\/uploads\/2023\/07\/screenshot-www.openrunner.com-2023.07.17-18_23_08-239x300.png 239w, https:\/\/www.gillesblb.fr\/pastilles\/wp-content\/uploads\/2023\/07\/screenshot-www.openrunner.com-2023.07.17-18_23_08-768x963.png 768w, https:\/\/www.gillesblb.fr\/pastilles\/wp-content\/uploads\/2023\/07\/screenshot-www.openrunner.com-2023.07.17-18_23_08-1225x1536.png 1225w, https:\/\/www.gillesblb.fr\/pastilles\/wp-content\/uploads\/2023\/07\/screenshot-www.openrunner.com-2023.07.17-18_23_08-508x637.png 508w, https:\/\/www.gillesblb.fr\/pastilles\/wp-content\/uploads\/2023\/07\/screenshot-www.openrunner.com-2023.07.17-18_23_08.png 1227w\" sizes=\"auto, (max-width: 816px) 100vw, 816px\" \/><\/a><\/figure>\n","protected":false},"excerpt":{"rendered":"<p>(Presque) le Griou, le Peyre Arse via le col de Cabre La place 22 est r\u00e9serv\u00e9e et son acc\u00e8s est verrouill\u00e9 par une pancarte au format A4 fich\u00e9e dans le sol. Je l\u2019enl\u00e8ve, constate encore une fois les d\u00e9g\u00e2ts caus\u00e9s par la police de caract\u00e8re Mistral, pose le panneau contre le bloc de lumi\u00e8re, remonte [&hellip;]<\/p>\n","protected":false},"author":1,"featured_media":237,"comment_status":"closed","ping_status":"closed","sticky":false,"template":"","format":"standard","meta":{"footnotes":""},"categories":[8],"tags":[],"class_list":["post-246","post","type-post","status-publish","format-standard","has-post-thumbnail","hentry","category-ete-2023-auvergne-solo"],"_links":{"self":[{"href":"https:\/\/www.gillesblb.fr\/pastilles\/wp-json\/wp\/v2\/posts\/246","targetHints":{"allow":["GET"]}}],"collection":[{"href":"https:\/\/www.gillesblb.fr\/pastilles\/wp-json\/wp\/v2\/posts"}],"about":[{"href":"https:\/\/www.gillesblb.fr\/pastilles\/wp-json\/wp\/v2\/types\/post"}],"author":[{"embeddable":true,"href":"https:\/\/www.gillesblb.fr\/pastilles\/wp-json\/wp\/v2\/users\/1"}],"replies":[{"embeddable":true,"href":"https:\/\/www.gillesblb.fr\/pastilles\/wp-json\/wp\/v2\/comments?post=246"}],"version-history":[{"count":9,"href":"https:\/\/www.gillesblb.fr\/pastilles\/wp-json\/wp\/v2\/posts\/246\/revisions"}],"predecessor-version":[{"id":256,"href":"https:\/\/www.gillesblb.fr\/pastilles\/wp-json\/wp\/v2\/posts\/246\/revisions\/256"}],"wp:featuredmedia":[{"embeddable":true,"href":"https:\/\/www.gillesblb.fr\/pastilles\/wp-json\/wp\/v2\/media\/237"}],"wp:attachment":[{"href":"https:\/\/www.gillesblb.fr\/pastilles\/wp-json\/wp\/v2\/media?parent=246"}],"wp:term":[{"taxonomy":"category","embeddable":true,"href":"https:\/\/www.gillesblb.fr\/pastilles\/wp-json\/wp\/v2\/categories?post=246"},{"taxonomy":"post_tag","embeddable":true,"href":"https:\/\/www.gillesblb.fr\/pastilles\/wp-json\/wp\/v2\/tags?post=246"}],"curies":[{"name":"wp","href":"https:\/\/api.w.org\/{rel}","templated":true}]}}