{"id":771,"date":"2025-07-30T19:35:53","date_gmt":"2025-07-30T17:35:53","guid":{"rendered":"https:\/\/www.gillesblb.fr\/pastilles\/?p=771"},"modified":"2025-08-08T17:52:56","modified_gmt":"2025-08-08T15:52:56","slug":"ete-2025-lacs-tourbieres-et-forets-jour-5","status":"publish","type":"post","link":"https:\/\/www.gillesblb.fr\/pastilles\/ete-2025-lacs-tourbieres-et-forets-jour-5\/","title":{"rendered":"Et\u00e9 2025 &#8211; Lacs, tourbi\u00e8res et for\u00eats : jour #5"},"content":{"rendered":"\n<p>Apr\u00e8s quelques courses matinales \u00e0 l&rsquo;\u00e9picerie du coin, afin de satisfaire les estomacs lors de la pause m\u00e9ridienne (un jambon local -donc des tranches \u00e9paisses, go\u00fbteuses et larges- ainsi que du pain qui accueillerait notre bleu de Gex en suppl\u00e9ment dudit jambon), nous sommes partis, la fleur au fusil et motiv\u00e9s par un soleil un poil plus insolent que les jours pass\u00e9s, sur un chemin de randonn\u00e9e dont nous ne savions pas jusqu&rsquo;o\u00f9 il nous m\u00e8nerait ou plus exactement lequel on finirait par emprunter tant il y en a ; on admirera au passage la qualit\u00e9 des indications \u00e0 chaque croisement, de nombreux d\u00e9partements seraient bien avis\u00e9s de s&rsquo;en inspirer. On marcherait, autant que possible -certaines portions all\u00e9chantes nous \u00e9tant interdites en raison de travaux forestiers, en direction d&rsquo;un point de vue sur les lacs de Bellefontaine et des Mortes.<\/p>\n\n\n\n<figure data-wp-context=\"{&quot;imageId&quot;:&quot;69f21f1de6bf1&quot;}\" data-wp-interactive=\"core\/image\" data-wp-key=\"69f21f1de6bf1\" class=\"wp-block-image size-large wp-lightbox-container\"><img loading=\"lazy\" decoding=\"async\" width=\"1024\" height=\"576\" data-wp-class--hide=\"state.isContentHidden\" data-wp-class--show=\"state.isContentVisible\" data-wp-init=\"callbacks.setButtonStyles\" data-wp-on--click=\"actions.showLightbox\" data-wp-on--load=\"callbacks.setButtonStyles\" data-wp-on-window--resize=\"callbacks.setButtonStyles\" src=\"https:\/\/www.gillesblb.fr\/pastilles\/wp-content\/uploads\/2025\/07\/PXL_20250730_093506900-1024x576.jpg\" alt=\"\" class=\"wp-image-772\" srcset=\"https:\/\/www.gillesblb.fr\/pastilles\/wp-content\/uploads\/2025\/07\/PXL_20250730_093506900-1024x576.jpg 1024w, https:\/\/www.gillesblb.fr\/pastilles\/wp-content\/uploads\/2025\/07\/PXL_20250730_093506900-300x169.jpg 300w, https:\/\/www.gillesblb.fr\/pastilles\/wp-content\/uploads\/2025\/07\/PXL_20250730_093506900-768x432.jpg 768w, https:\/\/www.gillesblb.fr\/pastilles\/wp-content\/uploads\/2025\/07\/PXL_20250730_093506900-1536x864.jpg 1536w, https:\/\/www.gillesblb.fr\/pastilles\/wp-content\/uploads\/2025\/07\/PXL_20250730_093506900-2048x1152.jpg 2048w, https:\/\/www.gillesblb.fr\/pastilles\/wp-content\/uploads\/2025\/07\/PXL_20250730_093506900-1240x698.jpg 1240w, https:\/\/www.gillesblb.fr\/pastilles\/wp-content\/uploads\/2025\/07\/PXL_20250730_093506900-508x286.jpg 508w\" sizes=\"auto, (max-width: 1024px) 100vw, 1024px\" \/><button\n\t\t\tclass=\"lightbox-trigger\"\n\t\t\ttype=\"button\"\n\t\t\taria-haspopup=\"dialog\"\n\t\t\taria-label=\"Agrandir\"\n\t\t\tdata-wp-init=\"callbacks.initTriggerButton\"\n\t\t\tdata-wp-on--click=\"actions.showLightbox\"\n\t\t\tdata-wp-style--right=\"state.imageButtonRight\"\n\t\t\tdata-wp-style--top=\"state.imageButtonTop\"\n\t\t>\n\t\t\t<svg xmlns=\"http:\/\/www.w3.org\/2000\/svg\" width=\"12\" height=\"12\" fill=\"none\" viewBox=\"0 0 12 12\">\n\t\t\t\t<path fill=\"#fff\" d=\"M2 0a2 2 0 0 0-2 2v2h1.5V2a.5.5 0 0 1 .5-.5h2V0H2Zm2 10.5H2a.5.5 0 0 1-.5-.5V8H0v2a2 2 0 0 0 2 2h2v-1.5ZM8 12v-1.5h2a.5.5 0 0 0 .5-.5V8H12v2a2 2 0 0 1-2 2H8Zm2-12a2 2 0 0 1 2 2v2h-1.5V2a.5.5 0 0 0-.5-.5H8V0h2Z\" \/>\n\t\t\t<\/svg>\n\t\t<\/button><\/figure>\n\n\n\n<p>Tout en longeant la for\u00eat qui borde la falaise -cette barre rocheuse qui nous nargue depuis le d\u00e9but, avec sa Roche Champion et son calvaire, accessibles apr\u00e8s quelques kilom\u00e8tres dont les ultimes se font \u00e0 la force du jarret-, on suit ce qui en hiver est une piste de ski : la Grande Travers\u00e9e du Jura \/ \u00c9chapp\u00e9e jurassienne, \u00e9galement trek estival emprunt\u00e9 par de nombreux marcheurs. Puis vient la descente vers les lacs ; on passe au milieu, et commence alors un chemin de tourbi\u00e8re.<\/p>\n\n\n\n<figure data-wp-context=\"{&quot;imageId&quot;:&quot;69f21f1de716e&quot;}\" data-wp-interactive=\"core\/image\" data-wp-key=\"69f21f1de716e\" class=\"wp-block-image size-large wp-lightbox-container\"><img loading=\"lazy\" decoding=\"async\" width=\"576\" height=\"1024\" data-wp-class--hide=\"state.isContentHidden\" data-wp-class--show=\"state.isContentVisible\" data-wp-init=\"callbacks.setButtonStyles\" data-wp-on--click=\"actions.showLightbox\" data-wp-on--load=\"callbacks.setButtonStyles\" data-wp-on-window--resize=\"callbacks.setButtonStyles\" src=\"https:\/\/www.gillesblb.fr\/pastilles\/wp-content\/uploads\/2025\/07\/PXL_20250730_094156331-576x1024.jpg\" alt=\"\" class=\"wp-image-773\" srcset=\"https:\/\/www.gillesblb.fr\/pastilles\/wp-content\/uploads\/2025\/07\/PXL_20250730_094156331-576x1024.jpg 576w, https:\/\/www.gillesblb.fr\/pastilles\/wp-content\/uploads\/2025\/07\/PXL_20250730_094156331-169x300.jpg 169w, https:\/\/www.gillesblb.fr\/pastilles\/wp-content\/uploads\/2025\/07\/PXL_20250730_094156331-768x1365.jpg 768w, https:\/\/www.gillesblb.fr\/pastilles\/wp-content\/uploads\/2025\/07\/PXL_20250730_094156331-864x1536.jpg 864w, https:\/\/www.gillesblb.fr\/pastilles\/wp-content\/uploads\/2025\/07\/PXL_20250730_094156331-1152x2048.jpg 1152w, https:\/\/www.gillesblb.fr\/pastilles\/wp-content\/uploads\/2025\/07\/PXL_20250730_094156331-1240x2204.jpg 1240w, https:\/\/www.gillesblb.fr\/pastilles\/wp-content\/uploads\/2025\/07\/PXL_20250730_094156331-508x903.jpg 508w, https:\/\/www.gillesblb.fr\/pastilles\/wp-content\/uploads\/2025\/07\/PXL_20250730_094156331-scaled.jpg 1440w\" sizes=\"auto, (max-width: 576px) 100vw, 576px\" \/><button\n\t\t\tclass=\"lightbox-trigger\"\n\t\t\ttype=\"button\"\n\t\t\taria-haspopup=\"dialog\"\n\t\t\taria-label=\"Agrandir\"\n\t\t\tdata-wp-init=\"callbacks.initTriggerButton\"\n\t\t\tdata-wp-on--click=\"actions.showLightbox\"\n\t\t\tdata-wp-style--right=\"state.imageButtonRight\"\n\t\t\tdata-wp-style--top=\"state.imageButtonTop\"\n\t\t>\n\t\t\t<svg xmlns=\"http:\/\/www.w3.org\/2000\/svg\" width=\"12\" height=\"12\" fill=\"none\" viewBox=\"0 0 12 12\">\n\t\t\t\t<path fill=\"#fff\" d=\"M2 0a2 2 0 0 0-2 2v2h1.5V2a.5.5 0 0 1 .5-.5h2V0H2Zm2 10.5H2a.5.5 0 0 1-.5-.5V8H0v2a2 2 0 0 0 2 2h2v-1.5ZM8 12v-1.5h2a.5.5 0 0 0 .5-.5V8H12v2a2 2 0 0 1-2 2H8Zm2-12a2 2 0 0 1 2 2v2h-1.5V2a.5.5 0 0 0-.5-.5H8V0h2Z\" \/>\n\t\t\t<\/svg>\n\t\t<\/button><\/figure>\n\n\n\n<p>On esp\u00e8re ne croiser personne, tant la place sur les deux planches jointes est limit\u00e9e. On esp\u00e8re aussi ne pas trop mettre la pression aux seniors qui prennent des photos et marchent deux fois moins vite que nous ; ils finiront par se garer, profitant d&rsquo;un recoin moins humide et de quelques fleurs \u00e0 photographier.<\/p>\n\n\n\n<p>Un \u0153il sur la carte, et l&rsquo;on d\u00e9cide de poursuivre sur la route qui m\u00e8ne \u00e0 la maison pour quelques centaines de m\u00e8tres. Bien serr\u00e9s sur la gauche, en file indienne, on pousse jusqu&rsquo;\u00e0 un hameau que l&rsquo;on contourne pour s&rsquo;enfoncer dans la for\u00eat. Changement de d\u00e9cor, tout aussi beau. Le chemin se faufile entre les sapins, s&rsquo;ouvre sur des prairies, se blottit au fond d&rsquo;un mod\u00e8le r\u00e9duit de combe. Puis c&rsquo;est le retour, onze kilom\u00e8tres dans nos pattes et des paysages plein les mirettes.<\/p>\n\n\n\n<p>En fin de journ\u00e9e, nous sommes all\u00e9s acheter du comt\u00e9 et du morbier \u00e0 la fruiti\u00e8re du village. Au retour, sur le terrain de p\u00e9tanque communal, des boules laiss\u00e9es pour qui voudrait y jouer nous ont permis de faire une partie. La d\u00e9cence m&rsquo;impose de taire le score et le nom des vainqueurs mais juste qu&rsquo;aucun de nous n&rsquo;est en mesure d&rsquo;envisager les Mondiaux.<\/p>\n","protected":false},"excerpt":{"rendered":"<p>Apr\u00e8s quelques courses matinales \u00e0 l&rsquo;\u00e9picerie du coin, afin de satisfaire les estomacs lors de la pause m\u00e9ridienne (un jambon local -donc des tranches \u00e9paisses, go\u00fbteuses et larges- ainsi que du pain qui accueillerait notre bleu de Gex en suppl\u00e9ment dudit jambon), nous sommes partis, la fleur au fusil et motiv\u00e9s par un soleil un [&hellip;]<\/p>\n","protected":false},"author":1,"featured_media":774,"comment_status":"closed","ping_status":"","sticky":false,"template":"","format":"standard","meta":{"footnotes":""},"categories":[13],"tags":[],"class_list":["post-771","post","type-post","status-publish","format-standard","has-post-thumbnail","hentry","category-ete-2025-le-doubs-le-jura-2"],"_links":{"self":[{"href":"https:\/\/www.gillesblb.fr\/pastilles\/wp-json\/wp\/v2\/posts\/771","targetHints":{"allow":["GET"]}}],"collection":[{"href":"https:\/\/www.gillesblb.fr\/pastilles\/wp-json\/wp\/v2\/posts"}],"about":[{"href":"https:\/\/www.gillesblb.fr\/pastilles\/wp-json\/wp\/v2\/types\/post"}],"author":[{"embeddable":true,"href":"https:\/\/www.gillesblb.fr\/pastilles\/wp-json\/wp\/v2\/users\/1"}],"replies":[{"embeddable":true,"href":"https:\/\/www.gillesblb.fr\/pastilles\/wp-json\/wp\/v2\/comments?post=771"}],"version-history":[{"count":6,"href":"https:\/\/www.gillesblb.fr\/pastilles\/wp-json\/wp\/v2\/posts\/771\/revisions"}],"predecessor-version":[{"id":846,"href":"https:\/\/www.gillesblb.fr\/pastilles\/wp-json\/wp\/v2\/posts\/771\/revisions\/846"}],"wp:featuredmedia":[{"embeddable":true,"href":"https:\/\/www.gillesblb.fr\/pastilles\/wp-json\/wp\/v2\/media\/774"}],"wp:attachment":[{"href":"https:\/\/www.gillesblb.fr\/pastilles\/wp-json\/wp\/v2\/media?parent=771"}],"wp:term":[{"taxonomy":"category","embeddable":true,"href":"https:\/\/www.gillesblb.fr\/pastilles\/wp-json\/wp\/v2\/categories?post=771"},{"taxonomy":"post_tag","embeddable":true,"href":"https:\/\/www.gillesblb.fr\/pastilles\/wp-json\/wp\/v2\/tags?post=771"}],"curies":[{"name":"wp","href":"https:\/\/api.w.org\/{rel}","templated":true}]}}